{"id":2957,"date":"2025-06-10T15:49:00","date_gmt":"2025-06-10T19:49:00","guid":{"rendered":"https:\/\/picinor.com\/?p=2957"},"modified":"2025-09-21T21:47:05","modified_gmt":"2025-09-22T01:47:05","slug":"picinor-se-une-al-dia-mundial-del-medio-ambiente-con-jornada-de-reforestacion","status":"publish","type":"post","link":"https:\/\/picinor.com\/en\/2025\/06\/10\/picinor-se-une-al-dia-mundial-del-medio-ambiente-con-jornada-de-reforestacion\/","title":{"rendered":"PICINOR se une al D\u00eda Mundial del Medio Ambiente con jornada de reforestaci\u00f3n"},"content":{"rendered":"<div data-elementor-type=\"wp-post\" data-elementor-id=\"2957\" class=\"elementor elementor-2957\">\n\t\t\t\t<div class=\"elementor-element elementor-element-dca30a9 e-grid e-con-boxed e-con e-parent\" data-id=\"dca30a9\" data-element_type=\"container\" data-e-type=\"container\">\n\t\t\t\t\t<div class=\"e-con-inner\">\n\t\t\t\t<div class=\"elementor-element elementor-element-8e9c22b elementor-widget elementor-widget-image\" data-id=\"8e9c22b\" data-element_type=\"widget\" data-e-type=\"widget\" data-widget_type=\"image.default\">\n\t\t\t\t<div class=\"elementor-widget-container\">\n\t\t\t\t\t\t\t\t\t\t\t\t\t\t\t<img fetchpriority=\"high\" decoding=\"async\" data-attachment-id=\"2965\" data-permalink=\"https:\/\/picinor.com\/en\/2025\/06\/10\/picinor-se-une-al-dia-mundial-del-medio-ambiente-con-jornada-de-reforestacion\/img_4594\/\" data-orig-file=\"https:\/\/i0.wp.com\/picinor.com\/wp-content\/uploads\/2025\/06\/IMG_4594.jpg?fit=4284%2C5712&amp;ssl=1\" data-orig-size=\"4284,5712\" data-comments-opened=\"1\" data-image-meta=\"{&quot;aperture&quot;:&quot;0&quot;,&quot;credit&quot;:&quot;&quot;,&quot;camera&quot;:&quot;&quot;,&quot;caption&quot;:&quot;&quot;,&quot;created_timestamp&quot;:&quot;0&quot;,&quot;copyright&quot;:&quot;&quot;,&quot;focal_length&quot;:&quot;0&quot;,&quot;iso&quot;:&quot;0&quot;,&quot;shutter_speed&quot;:&quot;0&quot;,&quot;title&quot;:&quot;&quot;,&quot;orientation&quot;:&quot;0&quot;}\" data-image-title=\"IMG_4594\" data-image-description=\"\" data-image-caption=\"\" data-large-file=\"https:\/\/i0.wp.com\/picinor.com\/wp-content\/uploads\/2025\/06\/IMG_4594.jpg?fit=768%2C1024&amp;ssl=1\" width=\"768\" height=\"1024\" src=\"https:\/\/i0.wp.com\/picinor.com\/wp-content\/uploads\/2025\/06\/IMG_4594.jpg?fit=768%2C1024&amp;ssl=1\" class=\"attachment-large size-large wp-image-2965\" alt=\"\" srcset=\"https:\/\/i0.wp.com\/picinor.com\/wp-content\/uploads\/2025\/06\/IMG_4594.jpg?w=4284&amp;ssl=1 4284w, https:\/\/i0.wp.com\/picinor.com\/wp-content\/uploads\/2025\/06\/IMG_4594.jpg?resize=225%2C300&amp;ssl=1 225w, https:\/\/i0.wp.com\/picinor.com\/wp-content\/uploads\/2025\/06\/IMG_4594.jpg?resize=768%2C1024&amp;ssl=1 768w, https:\/\/i0.wp.com\/picinor.com\/wp-content\/uploads\/2025\/06\/IMG_4594.jpg?resize=1152%2C1536&amp;ssl=1 1152w, https:\/\/i0.wp.com\/picinor.com\/wp-content\/uploads\/2025\/06\/IMG_4594.jpg?resize=1536%2C2048&amp;ssl=1 1536w, https:\/\/i0.wp.com\/picinor.com\/wp-content\/uploads\/2025\/06\/IMG_4594.jpg?resize=9%2C12&amp;ssl=1 9w, https:\/\/i0.wp.com\/picinor.com\/wp-content\/uploads\/2025\/06\/IMG_4594.jpg?resize=980%2C1307&amp;ssl=1 980w, https:\/\/i0.wp.com\/picinor.com\/wp-content\/uploads\/2025\/06\/IMG_4594.jpg?w=2000&amp;ssl=1 2000w, https:\/\/i0.wp.com\/picinor.com\/wp-content\/uploads\/2025\/06\/IMG_4594.jpg?w=3000&amp;ssl=1 3000w\" sizes=\"(max-width: 768px) 100vw, 768px\" \/>\t\t\t\t\t\t\t\t\t\t\t\t\t\t\t<\/div>\n\t\t\t\t<\/div>\n\t\t\t\t<div class=\"elementor-element elementor-element-b90dedc elementor-widget elementor-widget-image\" data-id=\"b90dedc\" data-element_type=\"widget\" data-e-type=\"widget\" data-widget_type=\"image.default\">\n\t\t\t\t<div class=\"elementor-widget-container\">\n\t\t\t\t\t\t\t\t\t\t\t\t\t\t\t<img decoding=\"async\" data-attachment-id=\"2963\" data-permalink=\"https:\/\/picinor.com\/en\/2025\/06\/10\/picinor-se-une-al-dia-mundial-del-medio-ambiente-con-jornada-de-reforestacion\/img_4607\/\" data-orig-file=\"https:\/\/i0.wp.com\/picinor.com\/wp-content\/uploads\/2025\/06\/IMG_4607.jpg?fit=4284%2C5712&amp;ssl=1\" data-orig-size=\"4284,5712\" data-comments-opened=\"1\" data-image-meta=\"{&quot;aperture&quot;:&quot;0&quot;,&quot;credit&quot;:&quot;&quot;,&quot;camera&quot;:&quot;&quot;,&quot;caption&quot;:&quot;&quot;,&quot;created_timestamp&quot;:&quot;0&quot;,&quot;copyright&quot;:&quot;&quot;,&quot;focal_length&quot;:&quot;0&quot;,&quot;iso&quot;:&quot;0&quot;,&quot;shutter_speed&quot;:&quot;0&quot;,&quot;title&quot;:&quot;&quot;,&quot;orientation&quot;:&quot;0&quot;}\" data-image-title=\"IMG_4607\" data-image-description=\"\" data-image-caption=\"\" data-large-file=\"https:\/\/i0.wp.com\/picinor.com\/wp-content\/uploads\/2025\/06\/IMG_4607.jpg?fit=768%2C1024&amp;ssl=1\" width=\"768\" height=\"1024\" src=\"https:\/\/i0.wp.com\/picinor.com\/wp-content\/uploads\/2025\/06\/IMG_4607.jpg?fit=768%2C1024&amp;ssl=1\" class=\"attachment-large size-large wp-image-2963\" alt=\"\" srcset=\"https:\/\/i0.wp.com\/picinor.com\/wp-content\/uploads\/2025\/06\/IMG_4607.jpg?w=4284&amp;ssl=1 4284w, https:\/\/i0.wp.com\/picinor.com\/wp-content\/uploads\/2025\/06\/IMG_4607.jpg?resize=225%2C300&amp;ssl=1 225w, https:\/\/i0.wp.com\/picinor.com\/wp-content\/uploads\/2025\/06\/IMG_4607.jpg?resize=768%2C1024&amp;ssl=1 768w, https:\/\/i0.wp.com\/picinor.com\/wp-content\/uploads\/2025\/06\/IMG_4607.jpg?resize=1152%2C1536&amp;ssl=1 1152w, https:\/\/i0.wp.com\/picinor.com\/wp-content\/uploads\/2025\/06\/IMG_4607.jpg?resize=1536%2C2048&amp;ssl=1 1536w, https:\/\/i0.wp.com\/picinor.com\/wp-content\/uploads\/2025\/06\/IMG_4607.jpg?resize=9%2C12&amp;ssl=1 9w, https:\/\/i0.wp.com\/picinor.com\/wp-content\/uploads\/2025\/06\/IMG_4607.jpg?resize=980%2C1307&amp;ssl=1 980w, https:\/\/i0.wp.com\/picinor.com\/wp-content\/uploads\/2025\/06\/IMG_4607.jpg?w=2000&amp;ssl=1 2000w, https:\/\/i0.wp.com\/picinor.com\/wp-content\/uploads\/2025\/06\/IMG_4607.jpg?w=3000&amp;ssl=1 3000w\" sizes=\"(max-width: 768px) 100vw, 768px\" \/>\t\t\t\t\t\t\t\t\t\t\t\t\t\t\t<\/div>\n\t\t\t\t<\/div>\n\t\t\t\t<div class=\"elementor-element elementor-element-2bbf807 elementor-widget elementor-widget-image\" data-id=\"2bbf807\" data-element_type=\"widget\" data-e-type=\"widget\" data-widget_type=\"image.default\">\n\t\t\t\t<div class=\"elementor-widget-container\">\n\t\t\t\t\t\t\t\t\t\t\t\t\t\t\t<img decoding=\"async\" data-attachment-id=\"2964\" data-permalink=\"https:\/\/picinor.com\/en\/2025\/06\/10\/picinor-se-une-al-dia-mundial-del-medio-ambiente-con-jornada-de-reforestacion\/img_4606\/\" data-orig-file=\"https:\/\/i0.wp.com\/picinor.com\/wp-content\/uploads\/2025\/06\/IMG_4606.jpg?fit=4284%2C5712&amp;ssl=1\" data-orig-size=\"4284,5712\" data-comments-opened=\"1\" data-image-meta=\"{&quot;aperture&quot;:&quot;0&quot;,&quot;credit&quot;:&quot;&quot;,&quot;camera&quot;:&quot;&quot;,&quot;caption&quot;:&quot;&quot;,&quot;created_timestamp&quot;:&quot;0&quot;,&quot;copyright&quot;:&quot;&quot;,&quot;focal_length&quot;:&quot;0&quot;,&quot;iso&quot;:&quot;0&quot;,&quot;shutter_speed&quot;:&quot;0&quot;,&quot;title&quot;:&quot;&quot;,&quot;orientation&quot;:&quot;0&quot;}\" data-image-title=\"IMG_4606\" data-image-description=\"\" data-image-caption=\"\" data-large-file=\"https:\/\/i0.wp.com\/picinor.com\/wp-content\/uploads\/2025\/06\/IMG_4606.jpg?fit=768%2C1024&amp;ssl=1\" width=\"768\" height=\"1024\" src=\"https:\/\/i0.wp.com\/picinor.com\/wp-content\/uploads\/2025\/06\/IMG_4606.jpg?fit=768%2C1024&amp;ssl=1\" class=\"attachment-large size-large wp-image-2964\" alt=\"\" srcset=\"https:\/\/i0.wp.com\/picinor.com\/wp-content\/uploads\/2025\/06\/IMG_4606.jpg?w=4284&amp;ssl=1 4284w, https:\/\/i0.wp.com\/picinor.com\/wp-content\/uploads\/2025\/06\/IMG_4606.jpg?resize=225%2C300&amp;ssl=1 225w, https:\/\/i0.wp.com\/picinor.com\/wp-content\/uploads\/2025\/06\/IMG_4606.jpg?resize=768%2C1024&amp;ssl=1 768w, https:\/\/i0.wp.com\/picinor.com\/wp-content\/uploads\/2025\/06\/IMG_4606.jpg?resize=1152%2C1536&amp;ssl=1 1152w, https:\/\/i0.wp.com\/picinor.com\/wp-content\/uploads\/2025\/06\/IMG_4606.jpg?resize=1536%2C2048&amp;ssl=1 1536w, https:\/\/i0.wp.com\/picinor.com\/wp-content\/uploads\/2025\/06\/IMG_4606.jpg?resize=9%2C12&amp;ssl=1 9w, https:\/\/i0.wp.com\/picinor.com\/wp-content\/uploads\/2025\/06\/IMG_4606.jpg?resize=980%2C1307&amp;ssl=1 980w, https:\/\/i0.wp.com\/picinor.com\/wp-content\/uploads\/2025\/06\/IMG_4606.jpg?w=2000&amp;ssl=1 2000w, https:\/\/i0.wp.com\/picinor.com\/wp-content\/uploads\/2025\/06\/IMG_4606.jpg?w=3000&amp;ssl=1 3000w\" sizes=\"(max-width: 768px) 100vw, 768px\" \/>\t\t\t\t\t\t\t\t\t\t\t\t\t\t\t<\/div>\n\t\t\t\t<\/div>\n\t\t\t\t\t<\/div>\n\t\t\t\t<\/div>\n\t\t<div class=\"elementor-element elementor-element-5e7feef0 e-flex e-con-boxed e-con e-parent\" data-id=\"5e7feef0\" data-element_type=\"container\" data-e-type=\"container\">\n\t\t\t\t\t<div class=\"e-con-inner\">\n\t\t\t\t<div class=\"elementor-element elementor-element-3300b665 elementor-widget elementor-widget-text-editor\" data-id=\"3300b665\" data-element_type=\"widget\" data-e-type=\"widget\" data-widget_type=\"text-editor.default\">\n\t\t\t\t<div class=\"elementor-widget-container\">\n\t\t\t\t\t\t\t\t\t\n<p class=\"wp-block-paragraph\">El pasado s\u00e1bado 7 de junio, a prop\u00f3sito del\u00a0<strong>D\u00eda Mundial del Medio Ambiente<\/strong>, en el Parque Industrial Circunvalaci\u00f3n Norte reafirmamos nuestro compromiso con el desarrollo sostenible a trav\u00e9s de una\u00a0<strong>jornada de reforestaci\u00f3n<\/strong>\u00a0en los alrededores del Parque.<\/p>\n\n<p class=\"wp-block-paragraph\">La actividad reuni\u00f3 a nuestros colaboradores y aliados en una acci\u00f3n colectiva en favor del medio ambiente. Durante la jornada se sembraron\u00a0<strong>especies end\u00e9micas de nuestro pa\u00eds<\/strong>, como la\u00a0<strong>caoba<\/strong>\u00a0y el\u00a0<strong>guayac\u00e1n<\/strong>, \u00e1rboles de gran valor ecol\u00f3gico que no se cultivan para la producci\u00f3n de madera, sino por su impacto positivo en la\u00a0<strong>conservaci\u00f3n del suelo<\/strong>, la\u00a0<strong>protecci\u00f3n de la biodiversidad<\/strong>\u00a0y la\u00a0<strong>mitigaci\u00f3n de los efectos del calentamiento global<\/strong>.<\/p>\n\n<p class=\"wp-block-paragraph\">Estas especies contribuyen a\u00a0<strong>capturar carbono<\/strong>,\u00a0<strong>regular la temperatura<\/strong>, y mejorar la calidad del aire, representando un aporte significativo en la lucha contra el cambio clim\u00e1tico y la degradaci\u00f3n ambiental.<\/p>\n\n<p class=\"wp-block-paragraph\">En PICINOR creemos que las grandes transformaciones comienzan con acciones concretas. Por eso, esta jornada representa m\u00e1s que una siembra: es una inversi\u00f3n en el futuro de nuestras comunidades y del planeta.<\/p>\n\n<p class=\"wp-block-paragraph\">\u00a0<\/p>\n\t\t\t\t\t\t\t\t<\/div>\n\t\t\t\t<\/div>\n\t\t\t\t\t<\/div>\n\t\t\t\t<\/div>\n\t\t<div class=\"elementor-element elementor-element-c34d88a e-flex e-con-boxed e-con e-parent\" data-id=\"c34d88a\" data-element_type=\"container\" data-e-type=\"container\">\n\t\t\t\t\t<div class=\"e-con-inner\">\n\t\t\t\t<div class=\"elementor-element elementor-element-70fd492 elementor-widget elementor-widget-image\" data-id=\"70fd492\" data-element_type=\"widget\" data-e-type=\"widget\" data-widget_type=\"image.default\">\n\t\t\t\t<div class=\"elementor-widget-container\">\n\t\t\t\t\t\t\t\t\t\t\t\t\t\t\t<img loading=\"lazy\" decoding=\"async\" data-attachment-id=\"2960\" data-permalink=\"https:\/\/picinor.com\/en\/2025\/06\/10\/picinor-se-une-al-dia-mundial-del-medio-ambiente-con-jornada-de-reforestacion\/img_4626\/\" data-orig-file=\"https:\/\/i0.wp.com\/picinor.com\/wp-content\/uploads\/2025\/06\/IMG_4626.jpg?fit=3213%2C5712&amp;ssl=1\" data-orig-size=\"3213,5712\" data-comments-opened=\"1\" data-image-meta=\"{&quot;aperture&quot;:&quot;0&quot;,&quot;credit&quot;:&quot;&quot;,&quot;camera&quot;:&quot;&quot;,&quot;caption&quot;:&quot;&quot;,&quot;created_timestamp&quot;:&quot;0&quot;,&quot;copyright&quot;:&quot;&quot;,&quot;focal_length&quot;:&quot;0&quot;,&quot;iso&quot;:&quot;0&quot;,&quot;shutter_speed&quot;:&quot;0&quot;,&quot;title&quot;:&quot;&quot;,&quot;orientation&quot;:&quot;0&quot;}\" data-image-title=\"IMG_4626\" data-image-description=\"\" data-image-caption=\"\" data-large-file=\"https:\/\/i0.wp.com\/picinor.com\/wp-content\/uploads\/2025\/06\/IMG_4626.jpg?fit=576%2C1024&amp;ssl=1\" width=\"864\" height=\"1536\" src=\"https:\/\/i0.wp.com\/picinor.com\/wp-content\/uploads\/2025\/06\/IMG_4626.jpg?fit=864%2C1536&amp;ssl=1\" class=\"attachment-1536x1536 size-1536x1536 wp-image-2960\" alt=\"\" srcset=\"https:\/\/i0.wp.com\/picinor.com\/wp-content\/uploads\/2025\/06\/IMG_4626.jpg?w=3213&amp;ssl=1 3213w, https:\/\/i0.wp.com\/picinor.com\/wp-content\/uploads\/2025\/06\/IMG_4626.jpg?resize=169%2C300&amp;ssl=1 169w, https:\/\/i0.wp.com\/picinor.com\/wp-content\/uploads\/2025\/06\/IMG_4626.jpg?resize=576%2C1024&amp;ssl=1 576w, https:\/\/i0.wp.com\/picinor.com\/wp-content\/uploads\/2025\/06\/IMG_4626.jpg?resize=768%2C1365&amp;ssl=1 768w, https:\/\/i0.wp.com\/picinor.com\/wp-content\/uploads\/2025\/06\/IMG_4626.jpg?resize=864%2C1536&amp;ssl=1 864w, https:\/\/i0.wp.com\/picinor.com\/wp-content\/uploads\/2025\/06\/IMG_4626.jpg?resize=1152%2C2048&amp;ssl=1 1152w, https:\/\/i0.wp.com\/picinor.com\/wp-content\/uploads\/2025\/06\/IMG_4626.jpg?resize=7%2C12&amp;ssl=1 7w, https:\/\/i0.wp.com\/picinor.com\/wp-content\/uploads\/2025\/06\/IMG_4626.jpg?resize=980%2C1742&amp;ssl=1 980w, https:\/\/i0.wp.com\/picinor.com\/wp-content\/uploads\/2025\/06\/IMG_4626.jpg?w=2000&amp;ssl=1 2000w, https:\/\/i0.wp.com\/picinor.com\/wp-content\/uploads\/2025\/06\/IMG_4626.jpg?w=3000&amp;ssl=1 3000w\" sizes=\"(max-width: 864px) 100vw, 864px\" \/>\t\t\t\t\t\t\t\t\t\t\t\t\t\t\t<\/div>\n\t\t\t\t<\/div>\n\t\t\t\t<div class=\"elementor-element elementor-element-4b5b3ba elementor-widget elementor-widget-image\" data-id=\"4b5b3ba\" data-element_type=\"widget\" data-e-type=\"widget\" data-widget_type=\"image.default\">\n\t\t\t\t<div class=\"elementor-widget-container\">\n\t\t\t\t\t\t\t\t\t\t\t\t\t\t\t<img loading=\"lazy\" decoding=\"async\" data-attachment-id=\"2961\" data-permalink=\"https:\/\/picinor.com\/en\/2025\/06\/10\/picinor-se-une-al-dia-mundial-del-medio-ambiente-con-jornada-de-reforestacion\/img_4591\/\" data-orig-file=\"https:\/\/i0.wp.com\/picinor.com\/wp-content\/uploads\/2025\/06\/IMG_4591.jpg?fit=4284%2C5712&amp;ssl=1\" data-orig-size=\"4284,5712\" data-comments-opened=\"1\" data-image-meta=\"{&quot;aperture&quot;:&quot;0&quot;,&quot;credit&quot;:&quot;&quot;,&quot;camera&quot;:&quot;&quot;,&quot;caption&quot;:&quot;&quot;,&quot;created_timestamp&quot;:&quot;0&quot;,&quot;copyright&quot;:&quot;&quot;,&quot;focal_length&quot;:&quot;0&quot;,&quot;iso&quot;:&quot;0&quot;,&quot;shutter_speed&quot;:&quot;0&quot;,&quot;title&quot;:&quot;&quot;,&quot;orientation&quot;:&quot;0&quot;}\" data-image-title=\"IMG_4591\" data-image-description=\"\" data-image-caption=\"\" data-large-file=\"https:\/\/i0.wp.com\/picinor.com\/wp-content\/uploads\/2025\/06\/IMG_4591.jpg?fit=768%2C1024&amp;ssl=1\" width=\"768\" height=\"1024\" src=\"https:\/\/i0.wp.com\/picinor.com\/wp-content\/uploads\/2025\/06\/IMG_4591.jpg?fit=768%2C1024&amp;ssl=1\" class=\"attachment-large size-large wp-image-2961\" alt=\"\" srcset=\"https:\/\/i0.wp.com\/picinor.com\/wp-content\/uploads\/2025\/06\/IMG_4591.jpg?w=4284&amp;ssl=1 4284w, https:\/\/i0.wp.com\/picinor.com\/wp-content\/uploads\/2025\/06\/IMG_4591.jpg?resize=225%2C300&amp;ssl=1 225w, https:\/\/i0.wp.com\/picinor.com\/wp-content\/uploads\/2025\/06\/IMG_4591.jpg?resize=768%2C1024&amp;ssl=1 768w, https:\/\/i0.wp.com\/picinor.com\/wp-content\/uploads\/2025\/06\/IMG_4591.jpg?resize=1152%2C1536&amp;ssl=1 1152w, https:\/\/i0.wp.com\/picinor.com\/wp-content\/uploads\/2025\/06\/IMG_4591.jpg?resize=1536%2C2048&amp;ssl=1 1536w, https:\/\/i0.wp.com\/picinor.com\/wp-content\/uploads\/2025\/06\/IMG_4591.jpg?resize=9%2C12&amp;ssl=1 9w, https:\/\/i0.wp.com\/picinor.com\/wp-content\/uploads\/2025\/06\/IMG_4591.jpg?resize=980%2C1307&amp;ssl=1 980w, https:\/\/i0.wp.com\/picinor.com\/wp-content\/uploads\/2025\/06\/IMG_4591.jpg?w=2000&amp;ssl=1 2000w, https:\/\/i0.wp.com\/picinor.com\/wp-content\/uploads\/2025\/06\/IMG_4591.jpg?w=3000&amp;ssl=1 3000w\" sizes=\"(max-width: 768px) 100vw, 768px\" \/>\t\t\t\t\t\t\t\t\t\t\t\t\t\t\t<\/div>\n\t\t\t\t<\/div>\n\t\t\t\t<div class=\"elementor-element elementor-element-71b0c68 elementor-widget elementor-widget-image\" data-id=\"71b0c68\" data-element_type=\"widget\" data-e-type=\"widget\" data-widget_type=\"image.default\">\n\t\t\t\t<div class=\"elementor-widget-container\">\n\t\t\t\t\t\t\t\t\t\t\t\t\t\t\t<img loading=\"lazy\" decoding=\"async\" data-attachment-id=\"2962\" data-permalink=\"https:\/\/picinor.com\/en\/2025\/06\/10\/picinor-se-une-al-dia-mundial-del-medio-ambiente-con-jornada-de-reforestacion\/img_4613\/\" data-orig-file=\"https:\/\/i0.wp.com\/picinor.com\/wp-content\/uploads\/2025\/06\/IMG_4613.jpg?fit=4284%2C5712&amp;ssl=1\" data-orig-size=\"4284,5712\" data-comments-opened=\"1\" data-image-meta=\"{&quot;aperture&quot;:&quot;0&quot;,&quot;credit&quot;:&quot;&quot;,&quot;camera&quot;:&quot;&quot;,&quot;caption&quot;:&quot;&quot;,&quot;created_timestamp&quot;:&quot;0&quot;,&quot;copyright&quot;:&quot;&quot;,&quot;focal_length&quot;:&quot;0&quot;,&quot;iso&quot;:&quot;0&quot;,&quot;shutter_speed&quot;:&quot;0&quot;,&quot;title&quot;:&quot;&quot;,&quot;orientation&quot;:&quot;0&quot;}\" data-image-title=\"IMG_4613\" data-image-description=\"\" data-image-caption=\"\" data-large-file=\"https:\/\/i0.wp.com\/picinor.com\/wp-content\/uploads\/2025\/06\/IMG_4613.jpg?fit=768%2C1024&amp;ssl=1\" width=\"768\" height=\"1024\" src=\"https:\/\/i0.wp.com\/picinor.com\/wp-content\/uploads\/2025\/06\/IMG_4613.jpg?fit=768%2C1024&amp;ssl=1\" class=\"attachment-large size-large wp-image-2962\" alt=\"\" srcset=\"https:\/\/i0.wp.com\/picinor.com\/wp-content\/uploads\/2025\/06\/IMG_4613.jpg?w=4284&amp;ssl=1 4284w, https:\/\/i0.wp.com\/picinor.com\/wp-content\/uploads\/2025\/06\/IMG_4613.jpg?resize=225%2C300&amp;ssl=1 225w, https:\/\/i0.wp.com\/picinor.com\/wp-content\/uploads\/2025\/06\/IMG_4613.jpg?resize=768%2C1024&amp;ssl=1 768w, https:\/\/i0.wp.com\/picinor.com\/wp-content\/uploads\/2025\/06\/IMG_4613.jpg?resize=1152%2C1536&amp;ssl=1 1152w, https:\/\/i0.wp.com\/picinor.com\/wp-content\/uploads\/2025\/06\/IMG_4613.jpg?resize=1536%2C2048&amp;ssl=1 1536w, https:\/\/i0.wp.com\/picinor.com\/wp-content\/uploads\/2025\/06\/IMG_4613.jpg?resize=9%2C12&amp;ssl=1 9w, https:\/\/i0.wp.com\/picinor.com\/wp-content\/uploads\/2025\/06\/IMG_4613.jpg?resize=980%2C1307&amp;ssl=1 980w, https:\/\/i0.wp.com\/picinor.com\/wp-content\/uploads\/2025\/06\/IMG_4613.jpg?w=2000&amp;ssl=1 2000w, https:\/\/i0.wp.com\/picinor.com\/wp-content\/uploads\/2025\/06\/IMG_4613.jpg?w=3000&amp;ssl=1 3000w\" sizes=\"(max-width: 768px) 100vw, 768px\" \/>\t\t\t\t\t\t\t\t\t\t\t\t\t\t\t<\/div>\n\t\t\t\t<\/div>\n\t\t\t\t\t<\/div>\n\t\t\t\t<\/div>\n\t\t<div class=\"elementor-element elementor-element-cf1422f e-grid e-con-boxed e-con e-parent\" data-id=\"cf1422f\" data-element_type=\"container\" data-e-type=\"container\">\n\t\t\t\t\t<div class=\"e-con-inner\">\n\t\t\t\t\t<\/div>\n\t\t\t\t<\/div>\n\t\t\t\t<\/div>","protected":false},"excerpt":{"rendered":"<p>El pasado s\u00e1bado 7 de junio, a prop\u00f3sito del\u00a0D\u00eda Mundial del Medio Ambiente, en el Parque Industrial Circunvalaci\u00f3n Norte reafirmamos nuestro compromiso con el desarrollo sostenible a trav\u00e9s de una\u00a0jornada de reforestaci\u00f3n\u00a0en los alrededores del Parque. La actividad reuni\u00f3 a nuestros colaboradores y aliados en una acci\u00f3n colectiva en favor del medio ambiente. Durante la [&hellip;]<\/p>\n","protected":false},"author":259752018,"featured_media":2960,"comment_status":"open","ping_status":"open","sticky":false,"template":"","format":"standard","meta":{"_crdt_document":"","advanced_seo_description":"","jetpack_seo_html_title":"","jetpack_seo_noindex":false,"_jetpack_newsletter_access":"","_jetpack_dont_email_post_to_subs":false,"_jetpack_newsletter_tier_id":0,"_jetpack_memberships_contains_paywalled_content":false,"_jetpack_memberships_contains_paid_content":false,"footnotes":"","jetpack_publicize_message":"","jetpack_publicize_feature_enabled":true,"jetpack_social_post_already_shared":true,"jetpack_social_options":{"image_generator_settings":{"template":"highway","default_image_id":0,"font":"","enabled":false},"version":2},"jetpack_post_was_ever_published":false},"categories":[121862,1771],"tags":[],"class_list":["post-2957","post","type-post","status-publish","format-standard","has-post-thumbnail","hentry","category-blog","category-sin-categoria"],"jetpack_publicize_connections":[],"jetpack_featured_media_url":"https:\/\/i0.wp.com\/picinor.com\/wp-content\/uploads\/2025\/06\/IMG_4626.jpg?fit=3213%2C5712&ssl=1","jetpack_likes_enabled":true,"jetpack_sharing_enabled":true,"jetpack_shortlink":"https:\/\/wp.me\/pgfMyx-LH","jetpack-related-posts":[],"_links":{"self":[{"href":"https:\/\/picinor.com\/en\/wp-json\/wp\/v2\/posts\/2957","targetHints":{"allow":["GET"]}}],"collection":[{"href":"https:\/\/picinor.com\/en\/wp-json\/wp\/v2\/posts"}],"about":[{"href":"https:\/\/picinor.com\/en\/wp-json\/wp\/v2\/types\/post"}],"author":[{"embeddable":true,"href":"https:\/\/picinor.com\/en\/wp-json\/wp\/v2\/users\/259752018"}],"replies":[{"embeddable":true,"href":"https:\/\/picinor.com\/en\/wp-json\/wp\/v2\/comments?post=2957"}],"version-history":[{"count":12,"href":"https:\/\/picinor.com\/en\/wp-json\/wp\/v2\/posts\/2957\/revisions"}],"predecessor-version":[{"id":2976,"href":"https:\/\/picinor.com\/en\/wp-json\/wp\/v2\/posts\/2957\/revisions\/2976"}],"wp:featuredmedia":[{"embeddable":true,"href":"https:\/\/picinor.com\/en\/wp-json\/wp\/v2\/media\/2960"}],"wp:attachment":[{"href":"https:\/\/picinor.com\/en\/wp-json\/wp\/v2\/media?parent=2957"}],"wp:term":[{"taxonomy":"category","embeddable":true,"href":"https:\/\/picinor.com\/en\/wp-json\/wp\/v2\/categories?post=2957"},{"taxonomy":"post_tag","embeddable":true,"href":"https:\/\/picinor.com\/en\/wp-json\/wp\/v2\/tags?post=2957"}],"curies":[{"name":"wp","href":"https:\/\/api.w.org\/{rel}","templated":true}]}}